{"id":79809,"date":"2024-03-21T15:53:41","date_gmt":"2024-03-21T15:53:41","guid":{"rendered":"https:\/\/www.wbscodingschool.com\/?p=79809"},"modified":"2026-09-01T12:54:13","modified_gmt":"2026-09-01T12:54:13","slug":"quereinstieg-webentwicklung-ve-maricic","status":"publish","type":"post","link":"https:\/\/www.wbscodingschool.com\/de\/blog\/quereinstieg-webentwicklung-ve-maricic\/","title":{"rendered":"Quereinstieg Webentwicklung: Ves Weg von der Politik zum Code"},"content":{"rendered":"\n<p class=\"wp-block-paragraph\">Ve Maricic arbeitete in der Politik, aber als ihre mentale Gesundheit litt, musste sie etwas finden, das zu ihren neuen Bed\u00fcrfnissen passte.<\/p>\n\n\n\n<p class=\"wp-block-paragraph\"><strong>Das Wichtigste in K\u00fcrze<\/strong><\/p>\n\n\n\n<ul class=\"wp-block-list\">\n<li><strong>Ein gesundheitlich bedingter Wendepunkt:<\/strong> Ve verlie\u00df eine fordernde politische Karriere und brauchte nach einer sp\u00e4t diagnostizierten Autismus-Spektrum-St\u00f6rung strukturierte, planbare Arbeit, die sie auch ohne abgeschlossenes Studium aus\u00fcben konnte.<\/li>\n\n\n\n<li><strong>Eine alte F\u00e4higkeit wurde zum Ausweg:<\/strong> Ein Nebenjob Jahre zuvor hatte ihr bereits die Grundlagen der Webentwicklung beigebracht.<\/li>\n\n\n\n<li><strong>Die klare Struktur eines Bootcamps passte zu ihren Bed\u00fcrfnissen:<\/strong> Der schrittweise Aufbau eines Coding Bootcamps kam ihr mehr entgegen als selbstorganisiertes Lernen.<\/li>\n<\/ul>\n\n\n\n<p class=\"wp-block-paragraph\"><\/p>\n\n\n\n<p class=\"wp-block-paragraph\">Manche Menschen suchen sich eine Karriere aus, andere werden von einer Karriere gefunden: Bei Ve Maricic war es die Politik, die sie f\u00fcr sich gewann, noch bevor sie \u00fcberhaupt ihr Studium abschlie\u00dfen konnte.<\/p>\n\n\n\n<figure class=\"wp-block-image\"><img decoding=\"async\" src=\"https:\/\/www.wbscodingschool.com\/wp-content\/uploads\/2024\/03\/Ve_2-1024x682.webp\" alt=\"Ve Maricic\" class=\"wp-image-50533\"\/><\/figure>\n\n\n\n<div class=\"wp-block-rank-math-toc-block\" id=\"rank-math-toc\"><h3>Inhaltsverzeichnis<\/h3><nav><ul><li class=\"\"><a href=\"#von-der-politik-entdeckt-noch-vor-dem-studienabschluss\">Von der Politik entdeckt, noch vor dem Studienabschluss<\/a><\/li><li class=\"\"><a href=\"#als-aus-dem-burnout-eine-diagnose-wurde\">Als aus dem Burnout eine Diagnose wurde<\/a><\/li><li class=\"\"><a href=\"#eine-alte-fahigkeit-wiederentdeckt\">Eine alte F\u00e4higkeit wiederentdeckt<\/a><\/li><li class=\"\"><a href=\"#der-sprung-ins-bootcamp\">Der Sprung ins Bootcamp<\/a><\/li><li class=\"\"><a href=\"#das-leben-als-webentwicklerin-heute\">Das Leben als Webentwicklerin heute<\/a><\/li><li class=\"\"><a href=\"#ist-webentwicklung-ein-guter-quereinstieg-fur-neurodivergente-menschen\">Ist Webentwicklung ein guter Quereinstieg f\u00fcr neurodivergente Menschen?<\/a><\/li><\/ul><\/nav><\/div>\n\n\n\n<p class=\"wp-block-paragraph\"><\/p>\n\n\n\n<h2 id=\"von-der-politik-entdeckt-noch-vor-dem-studienabschluss\" class=\"wp-block-heading\">Von der Politik entdeckt, noch vor dem Studienabschluss<\/h2>\n\n\n\n<p class=\"wp-block-paragraph\">Als Studentin der Corporate Communication an der FH Wien begann sie 2014 ein Praktikum bei der Sozialdemokratischen Partei, w\u00e4hrend sie noch studierte. Die Partei bat sie zu bleiben, als klar wurde, dass sie ein ausgepr\u00e4gtes Talent f\u00fcr mitrei\u00dfende Reden und Brosch\u00fcren hatte.<\/p>\n\n\n\n<p class=\"wp-block-paragraph\">&#8222;Gegen Ende meines Studiums habe ich mich mit meiner Abschlussarbeit schwergetan&#8220;, sagt Ve heute. &#8222;Ehrlich gesagt war ich fast erleichtert, mein Studium abzubrechen und eine Karriere in der Politik zu verfolgen. Ich habe die Hochschule zwar ohne akademischen Titel verlassen, aber ich hatte bereits einen Job.&#8220;<\/p>\n\n\n\n<p class=\"wp-block-paragraph\">Mit den Jahren br\u00f6ckelte Ves anf\u00e4nglicher Optimismus jedoch zunehmend. &#8222;Es hat eine Weile gedauert, aber irgendwann bin ich ausgebrannt. Politik ist unglaublich fordernd, und es braucht wirklich Nerven aus Stahl, um das ein Leben lang zu machen.<\/p>\n\n\n\n<p class=\"wp-block-paragraph\">Ich kam an einen Punkt, an dem es sich anf\u00fchlte, als steckte ein Stein in meinem mentalen Getriebe. Ich war st\u00e4ndig ersch\u00f6pft, habe alles auf den letzten Dr\u00fccker gemacht, Deadlines gerissen und mich selbst immer mehr unter Druck gesetzt, w\u00e4hrend ich gleichzeitig versucht habe, davor zu fliehen.&#8220;<\/p>\n\n\n\n<h2 id=\"als-aus-dem-burnout-eine-diagnose-wurde\" class=\"wp-block-heading\">Als aus dem Burnout eine Diagnose wurde<\/h2>\n\n\n\n<p class=\"wp-block-paragraph\">Gezwungen, ihren Job zu k\u00fcndigen und geplagt von zunehmenden k\u00f6rperlichen und psychischen Symptomen, suchte Ve medizinische Hilfe. Die Untersuchungen brachten ein \u00fcberraschendes Ergebnis: Sie war nicht einfach nur ausgebrannt. Sie erhielt zus\u00e4tzlich die Diagnose einer Autismus-Spektrum-St\u00f6rung (ASS).<\/p>\n\n\n\n<p class=\"wp-block-paragraph\">&#8222;Die meisten Menschen, die sp\u00e4t im Leben diagnostiziert werden, haben zumindest den Verdacht, neurodivergent zu sein, aber f\u00fcr mich kam es v\u00f6llig \u00fcberraschend. Ich musste mein Leben von Grund auf neu denken.&#8220;<\/p>\n\n\n\n<p class=\"wp-block-paragraph\">Das Problem war, dass Ve zu diesem Zeitpunkt nicht in der besten Position war, um etwas Neues zu beginnen. Zu ihrer alten Arbeit konnte sie nicht zur\u00fcck, ihre mentale Gesundheit lie\u00df das nicht zu. Einen akademischen Titel hatte sie nicht, da sie ihr Studium nicht abgeschlossen hatte. Sie musste ein anderes Arbeitsfeld finden, eines, in das sie auch ohne Erfahrung und Titel einsteigen konnte, nur welches?<\/p>\n\n\n\n<figure class=\"wp-block-image\"><img decoding=\"async\" src=\"https:\/\/www.wbscodingschool.com\/wp-content\/uploads\/2024\/03\/Ve_3-1024x682.webp\" alt=\"Ve Maricic\" class=\"wp-image-50538\"\/><\/figure>\n\n\n\n<h2 id=\"eine-alte-fahigkeit-wiederentdeckt\" class=\"wp-block-heading\">Eine alte F\u00e4higkeit wiederentdeckt<\/h2>\n\n\n\n<p class=\"wp-block-paragraph\">&#8222;Nach meiner Diagnose habe ich sehr viele Gef\u00fchle durchlebt. Ich habe nat\u00fcrlich viel damit gerungen, aber ich habe mich auch sehr angetrieben gef\u00fchlt, etwas zu ver\u00e4ndern. Da erinnerte ich mich an einen kurzen Nebenjob, den ich lange vorher gemacht hatte, bevor ich \u00fcberhaupt in die Politik gegangen bin: ein Job, der mich mit Webentwicklung bekannt gemacht hatte.&#8220;<\/p>\n\n\n\n<p class=\"wp-block-paragraph\">Dieser Job h\u00e4tte einer dieser Zuf\u00e4lle des Lebens sein k\u00f6nnen, die man erlebt und dann in einer verstaubten Schublade ablegt. Ein Freund von Ve brauchte Unterst\u00fctzung bei administrativer Arbeit f\u00fcr ein Projekt, merkte aber schnell, dass sie f\u00fcr die technische Seite besser geeignet war. Also brachte er ihr die Grundlagen der damaligen Webentwicklung bei, HTML, CSS und ein Content-Management-System namens TYPO3.<\/p>\n\n\n\n<p class=\"wp-block-paragraph\">&#8222;Je mehr ich \u00fcber Webentwicklung nachdachte, desto mehr ergab sie f\u00fcr mich als Karriere Sinn&#8220;, sagt sie und erinnert sich, wie ihre Unentschlossenheit langsam verschwand. &#8222;Sie hat nichts von der Subjektivit\u00e4t politischen Schreibens, sondern ist vorhersehbar und pr\u00e4zise. Die Probleml\u00f6sung war anregend, und die Karriere, die sie bot, wirkte flexibel.&#8220;<\/p>\n\n\n\n<h2 id=\"der-sprung-ins-bootcamp\" class=\"wp-block-heading\">Der Sprung ins Bootcamp<\/h2>\n\n\n\n<p class=\"wp-block-paragraph\">Im Oktober 2022 wagte Ve den Sprung und meldete sich f\u00fcr das Full-Stack Web &amp; App Development Bootcamp der WBS CODING SCHOOL an, den Vorg\u00e4nger des heutigen <a href=\"https:\/\/www.wbscodingschool.com\/de\/ki-softwareentwicklung\/\">KI-Softwareentwicklung Bootcamps<\/a>.<\/p>\n\n\n\n<p class=\"wp-block-paragraph\">&#8222;Ich dachte von Anfang an, dass ein Bootcamp genau die Struktur bietet, die f\u00fcr einen neurodivergenten Menschen wie mich perfekt ist. Man muss sich nicht selbst organisieren, stattdessen bekommt man jede Menge Lernmaterial und \u00dcbungen und muss sie Schritt f\u00fcr Schritt l\u00f6sen.&#8220;<\/p>\n\n\n\n<p class=\"wp-block-paragraph\">Die Ergebnisse des Bootcamps zeigten sich schnell: &#8222;Als ich kurz vor dem Abschluss stand, dachte ich an meinen fr\u00fcheren Chef, der mir damals diesen Nebenjob angeboten hatte, bei dem ich Webentwicklung gelernt hatte, und schrieb ihm, was ich gerade mache. Er bot mir daraufhin einen weiteren Job an, wenn auch nur befristet!&#8220;<\/p>\n\n\n\n<h2 id=\"das-leben-als-webentwicklerin-heute\" class=\"wp-block-heading\">Das Leben als Webentwicklerin heute<\/h2>\n\n\n\n<p class=\"wp-block-paragraph\">Gleichzeitig zeigte ihr die Karriere seitdem, dass nicht alles rosig ist. &#8222;Ich dachte, die Tech-Branche w\u00e4re vielleicht offener gegen\u00fcber neurodivergenten Menschen, aber die Jobsuche hat mir gezeigt, dass das nicht der Fall war. Bei einem Vorstellungsgespr\u00e4ch wurde ich gefragt, ob ich &#8218;wie Rain Man&#8216; sei.&#8220;<\/p>\n\n\n\n<p class=\"wp-block-paragraph\">Auch wenn die Branche hier klar noch Arbeit vor sich hat, konnte Ve in ihrem neuen Berufsfeld trotzdem vieles finden, das ihr gef\u00e4llt.<\/p>\n\n\n\n<p class=\"wp-block-paragraph\">&#8222;Heute arbeite ich als Webentwicklerin. Ich habe nach etwas gesucht, das meine Lebensqualit\u00e4t verbessert, und jetzt arbeite ich remote von zu Hause aus, an logischen Problemen, und mit dem Privileg, mein eigenes Tempo zu bestimmen. Sobald ich wusste, was ich brauchte, wusste ich auch, wonach ich suchte. Und ich glaube, ich habe es gefunden.&#8220;<\/p>\n\n\n\n<h2 id=\"ist-webentwicklung-ein-guter-quereinstieg-fur-neurodivergente-menschen\" class=\"wp-block-heading\">Ist Webentwicklung ein guter Quereinstieg f\u00fcr neurodivergente Menschen?<\/h2>\n\n\n\n<p class=\"wp-block-paragraph\">Webentwicklung kann f\u00fcr neurodivergente Menschen ein guter Quereinstieg sein, weil sie klares, logisches Probleml\u00f6sen und eine vorhersehbare Struktur bietet, statt der Mehrdeutigkeit vieler anderer Berufsfelder. Besonders ein strukturiertes Coding Bootcamp eignet sich gut f\u00fcr neurodivergente Lernende, weil es Lerninhalte in klare, aufeinander aufbauende Schritte unterteilt, statt offene Selbstorganisation vorauszusetzen. Die Tech-Branche ist dabei nicht automatisch offener: Neurodivergente Jobsuchende k\u00f6nnen im Bewerbungsprozess weiterhin auf Stigmatisierung oder unbedachte Fragen sto\u00dfen, weshalb die Recherche nach wirklich inklusiven Arbeitgeber:innen ein wichtiger Teil des Prozesses bleibt.<\/p>\n\n\n\n<p class=\"wp-block-paragraph\"><strong>Bereit, dein eigenes Skript neu zu schreiben?<\/strong><\/p>\n\n\n\n<ul class=\"wp-block-list\">\n<li>Entdecke unseren <a href=\"https:\/\/www.wbscodingschool.com\/de\/ki-softwareentwicklung\/\">KI-Softwareentwicklung Bootcamp<\/a> (fr\u00fcher: Web &amp; App Development Bootcamp), den Kurs, der Ves Weg gestartet hat.<\/li>\n\n\n\n<li>Lass dich von weiteren <a href=\"https:\/\/www.wbscodingschool.com\/de\/category\/erfahrungen\/\">WBS CODING SCHOOL Erfolgsgeschichten<\/a> inspirieren (bitte pr\u00fcfen, ob diese DE-Kategorieseite existiert).<\/li>\n<\/ul>\n","protected":false},"excerpt":{"rendered":"<p>Ve Maricic arbeitete in der Politik, aber als ihre mentale Gesundheit litt, musste sie etwas finden, das zu ihren neuen Bed\u00fcrfnissen passte. Das Wichtigste in K\u00fcrze Manche Menschen suchen sich eine Karriere aus, andere werden von einer Karriere gefunden: Bei Ve Maricic war es die Politik, die sie f\u00fcr sich gewann, noch bevor sie \u00fcberhaupt [&hellip;]<\/p>\n","protected":false},"author":19,"featured_media":50530,"comment_status":"open","ping_status":"open","sticky":false,"template":"","format":"standard","meta":{"_acf_changed":false,"content-type":"","footnotes":""},"categories":[193],"tags":[],"class_list":["post-79809","post","type-post","status-publish","format-standard","has-post-thumbnail","hentry","category-erfahrungen"],"acf":[],"_links":{"self":[{"href":"https:\/\/www.wbscodingschool.com\/de\/wp-json\/wp\/v2\/posts\/79809","targetHints":{"allow":["GET"]}}],"collection":[{"href":"https:\/\/www.wbscodingschool.com\/de\/wp-json\/wp\/v2\/posts"}],"about":[{"href":"https:\/\/www.wbscodingschool.com\/de\/wp-json\/wp\/v2\/types\/post"}],"author":[{"embeddable":true,"href":"https:\/\/www.wbscodingschool.com\/de\/wp-json\/wp\/v2\/users\/19"}],"replies":[{"embeddable":true,"href":"https:\/\/www.wbscodingschool.com\/de\/wp-json\/wp\/v2\/comments?post=79809"}],"version-history":[{"count":3,"href":"https:\/\/www.wbscodingschool.com\/de\/wp-json\/wp\/v2\/posts\/79809\/revisions"}],"predecessor-version":[{"id":79815,"href":"https:\/\/www.wbscodingschool.com\/de\/wp-json\/wp\/v2\/posts\/79809\/revisions\/79815"}],"wp:featuredmedia":[{"embeddable":true,"href":"https:\/\/www.wbscodingschool.com\/de\/wp-json\/wp\/v2\/media\/50530"}],"wp:attachment":[{"href":"https:\/\/www.wbscodingschool.com\/de\/wp-json\/wp\/v2\/media?parent=79809"}],"wp:term":[{"taxonomy":"category","embeddable":true,"href":"https:\/\/www.wbscodingschool.com\/de\/wp-json\/wp\/v2\/categories?post=79809"},{"taxonomy":"post_tag","embeddable":true,"href":"https:\/\/www.wbscodingschool.com\/de\/wp-json\/wp\/v2\/tags?post=79809"}],"curies":[{"name":"wp","href":"https:\/\/api.w.org\/{rel}","templated":true}]}}